{"id":8508,"date":"2022-12-12T14:44:23","date_gmt":"2022-12-12T14:44:23","guid":{"rendered":"https:\/\/planetazur.com\/?p=8508"},"modified":"2025-02-14T14:55:34","modified_gmt":"2025-02-14T14:55:34","slug":"10-visites-de-la-ville-de-valence-en-espagne","status":"publish","type":"post","link":"https:\/\/planetazur.com\/fr\/10-visites-de-la-ville-de-valence-en-espagne\/","title":{"rendered":"10 VISITES DE LA VILLE DE VALENCE EN ESPAGNE"},"content":{"rendered":"<h1>10 VISITES DE LA VILLE DE VALENCE EN ESPAGNE<\/h1>\n<p>Dans un cadre de r\u00eave en bord de mer, cette modeste cit\u00e9 portuaire m\u00e9diterran\u00e9enne fait honneur \u00e0 l&#039;adage local : \u00ab un morceau de paradis sur terre \u00bb. Sous le chaud soleil du sud, les places bord\u00e9es de palmiers de Valence s&#039;animent et les coupoles color\u00e9es des \u00e9glises scintillent. Ancienne capitale du Royaume de Valence, la ville regorge d&#039;attraits culturels. De magnifiques monuments historiques tels que la Bourse de la soie du XVe si\u00e8cle, le Palais du Marquis du XVIIIe si\u00e8cle ou le Mus\u00e9e des Beaux-Arts t\u00e9moignent d&#039;un riche pass\u00e9 marchand et aristocratique.<\/p>\n<p>Valence poss\u00e8de un charmant centre historique, la Ciutat Vella (vieille ville), mais la ville est d\u00e9j\u00e0 bien au XXIe si\u00e8cle. L&#039;\u00e9l\u00e9gante Acad\u00e9mie d&#039;Art Moderne et la Cit\u00e9 des Arts et des Sciences futuriste plongent les visiteurs dans un nouveau monde de d\u00e9couvertes artistiques et scientifiques. D\u00e9couvrez les meilleurs endroits \u00e0 visiter avec notre guide des principales attractions et activit\u00e9s \u00e0 faire \u00e0 Valence, en Espagne.<\/p>\n<p>Pour r\u00e9server des activit\u00e9s en Espagne, cliquez ci-dessous :<\/p>\n<p><a role=\"button\" href=\"https:\/\/planetazur.com\/fr\/destinations\/espagne\/\"><br \/>\nCliquez ici<br \/>\n<\/a><\/p>\n<h2>1. La Cit\u00e9 des Arts et des Sciences<\/h2>\n<p><img fetchpriority=\"high\" decoding=\"async\" src=\"https:\/\/planetazur.com\/wp-content\/uploads\/2022\/12\/111.jpg\" sizes=\"(max-width: 730px) 100vw, 730px\" srcset=\"https:\/\/planetazur.com\/wp-content\/uploads\/2022\/12\/111.jpg 730w, https:\/\/planetazur.com\/wp-content\/uploads\/2022\/12\/111-300x181.jpg 300w, https:\/\/planetazur.com\/wp-content\/uploads\/2022\/12\/111-18x12.jpg 18w\" alt=\"10 VISITES DE LA VILLE DE VALENCE EN ESPAGNE\" width=\"730\" height=\"441\" \/><\/p>\n<p>Explorez un monde fascinant d&#039;art et de science dans ce complexe futuriste \u00e0 la p\u00e9riph\u00e9rie de Valence. La Ciutat de les Arts i les Ci\u00e8ncies (Cit\u00e9 des Arts et des Sciences) est l&#039;un des centres d&#039;exposition culturels et scientifiques les plus impressionnants d&#039;Europe.<\/p>\n<p>S&#039;\u00e9tendant sur deux kilom\u00e8tres le long des rives du fleuve Turia, le complexe abrite plusieurs beaux exemples d&#039;architecture d&#039;avant-garde con\u00e7us par les architectes Santiago Calatrava et Felix Candela.<\/p>\n<p>Le complexe Ciudad comprend six espaces principaux : le cin\u00e9ma IMAX Hemisf\u00e8ric, qui projette des films num\u00e9riques en 3D et sert de plan\u00e9tarium ; l&#039;espace paysager Umbracle, avec des all\u00e9es ombrag\u00e9es ; le Museu de les Ci\u00e8ncies, un mus\u00e9e interactif pr\u00e9sentant la science, l&#039;environnement et la technologie ; et l&#039;Oceanogr\u00e0fic, le plus grand aquarium d&#039;Europe ; le Palau de les Arts ; et l&#039;espace de concert \u00c1gora.<\/p>\n<p>La Cit\u00e9 des Arts et des Sciences accueille \u00e9galement des conf\u00e9rences, des expositions et des ateliers li\u00e9s \u00e0 des th\u00e9matiques scientifiques et artistiques.<\/p>\n<h2>2. F\u00eate des Fallas<\/h2>\n<p><img decoding=\"async\" src=\"https:\/\/planetazur.com\/wp-content\/uploads\/2022\/12\/222.jpg\" sizes=\"(max-width: 730px) 100vw, 730px\" srcset=\"https:\/\/planetazur.com\/wp-content\/uploads\/2022\/12\/222.jpg 730w, https:\/\/planetazur.com\/wp-content\/uploads\/2022\/12\/222-300x185.jpg 300w, https:\/\/planetazur.com\/wp-content\/uploads\/2022\/12\/222-18x12.jpg 18w\" alt=\"\" width=\"730\" height=\"450\" \/><\/p>\n<p>Valence est l&#039;une des meilleures villes \u00e0 visiter en mars. Pendant deux semaines en mars, la Fiesta de San Jos\u00e9 est une f\u00eate religieuse anim\u00e9e remplie d&#039;esprits cr\u00e9atifs et d&#039;\u00e9v\u00e9nements amusants qui transforment la ville en une joyeuse f\u00eate. Le festival comprend de la musique et de la nourriture traditionnelles (paella), des d\u00e9fil\u00e9s, des feux d&#039;artifice et des expositions d&#039;art uniques. Le festival est connu pour ses installations innovantes appel\u00e9es fallas, de grands chars avec des personnages en papier. Les \u0153uvres \u00e9taient plac\u00e9es dans les rues avant d&#039;\u00eatre br\u00fbl\u00e9es \u00e0 minuit le dernier jour du festival.<\/p>\n<p>Cette coutume trouve son origine au Moyen-\u00c2ge, lorsque les charpentiers et autres artisans br\u00fblaient les restes de bois et d&#039;autres mat\u00e9riaux le jour de la Saint-Joseph. Le Museo Fallero (Mus\u00e9e des Fallas) sur la Piazza Monteolivite vous offre la possibilit\u00e9 de voir des ninots (personnages) cr\u00e9\u00e9s au fil des ans. Il est int\u00e9ressant de voir comment les ninots ont \u00e9volu\u00e9 avec la technologie, des premi\u00e8res figures de cire portant de vrais v\u00eatements aux personnages de dessins anim\u00e9s modernes en p\u00e2te \u00e0 papier et plus r\u00e9cemment en polystyr\u00e8ne.<\/p>\n<p style=\"margin-bottom: 0cm;\"><span style=\"font-family: Georgia, serif;\"><span style=\"font-size: large;\"><b>3.<br \/>\nOc\u00e9anographie de Valence<br \/>\n<\/b><\/span><\/span><\/p>\n<p><img decoding=\"async\" src=\"https:\/\/planetazur.com\/wp-content\/uploads\/2022\/12\/333.jpg\" sizes=\"(max-width: 730px) 100vw, 730px\" srcset=\"https:\/\/planetazur.com\/wp-content\/uploads\/2022\/12\/333.jpg 730w, https:\/\/planetazur.com\/wp-content\/uploads\/2022\/12\/333-300x200.jpg 300w, https:\/\/planetazur.com\/wp-content\/uploads\/2022\/12\/333-18x12.jpg 18w\" alt=\"\" width=\"730\" height=\"487\" \/><\/p>\n<p>Con\u00e7u par l&#039;architecte F\u00e9lix Candela, ce b\u00e2timent remarquable fait partie de la Cit\u00e9 des Arts et des Sciences et abrite le plus grand aquarium d&#039;Europe. Il s&#039;agit en fait d&#039;un complexe de plusieurs b\u00e2timents, chacun d\u00e9di\u00e9 \u00e0 l&#039;un des \u00e9cosyst\u00e8mes et environnements marins les plus importants de la plan\u00e8te : zones humides, temp\u00e9r\u00e9es et tropicales, oc\u00e9aniques, m\u00e9diterran\u00e9ennes, antarctiques, arctiques et insulaires, et la mer Rouge. 45 000 cr\u00e9atures marines repr\u00e9sentant plus de 500 esp\u00e8ces marines diff\u00e9rentes peuvent \u00eatre observ\u00e9es dans neuf tours, vous donnant l&#039;impression d&#039;\u00eatre sous l&#039;eau. Le plus remarquable sont les tunnels, o\u00f9 vous \u00eates entour\u00e9 sur deux c\u00f4t\u00e9s et o\u00f9 des requins nageurs passent au-dessus de votre t\u00eate.<\/p>\n<p>Parmi les curiosit\u00e9s les plus populaires, on trouve les b\u00e9lugas, les otaries, les morses, les pingouins, les phoques, les tortues et les dauphins. En observant la vie marine, vous pourrez d\u00e9couvrir des mangroves, des zones humides, des for\u00eats de varech et d&#039;autres zones humides avec leurs esp\u00e8ces v\u00e9g\u00e9tales indig\u00e8nes.<\/p>\n<p style=\"margin-bottom: 0cm;\"><span style=\"font-family: Georgia, serif;\"><span style=\"font-size: large;\"><b>4.<br \/>\nLe hangar \u00e0 soie<br \/>\n<\/b><\/span><\/span><\/p>\n<p><img loading=\"lazy\" decoding=\"async\" src=\"https:\/\/planetazur.com\/wp-content\/uploads\/2022\/12\/444.jpg\" sizes=\"(max-width: 730px) 100vw, 730px\" srcset=\"https:\/\/planetazur.com\/wp-content\/uploads\/2022\/12\/444.jpg 730w, https:\/\/planetazur.com\/wp-content\/uploads\/2022\/12\/444-300x198.jpg 300w, https:\/\/planetazur.com\/wp-content\/uploads\/2022\/12\/444-18x12.jpg 18w\" alt=\"\" width=\"730\" height=\"482\" \/><\/p>\n<p>Construit au XVe si\u00e8cle, cet imposant \u00e9difice gothique abrite la Bourse de la soie de la ville, o\u00f9 la c\u00e9l\u00e8bre soie de Valence \u00e9tait \u00e9chang\u00e9e avec les marchands (et vendue dans toute l&#039;Europe). Le monument est class\u00e9 au patrimoine mondial de l&#039;UNESCO<\/p>\n<p>L&#039;un des plus beaux exemples d&#039;architecture civile gothique en Europe, la Lonja de la Seda ressemble \u00e0 un ch\u00e2teau m\u00e9di\u00e9val avec sa fa\u00e7ade en pente et ses tours redoutables. La fa\u00e7ade est orn\u00e9e de portes, de fen\u00eatres et de gargouilles (cr\u00e9atures sculpt\u00e9es de mani\u00e8re grotesque qui fonctionnent comme des gargouilles). Le hall principal pr\u00e9sente de riches vo\u00fbtes en \u00e9toile soutenues par des colonnes torsad\u00e9es<\/p>\n<p style=\"margin-bottom: 0cm;\">.<\/p>\n<p style=\"margin-bottom: 0cm;\"><span style=\"font-family: Georgia, serif;\"><span style=\"font-size: large;\"><b>5.<br \/>\nFaire du shopping au Mercado Central<\/b><\/span><\/span><\/p>\n<p><img loading=\"lazy\" decoding=\"async\" src=\"https:\/\/planetazur.com\/wp-content\/uploads\/2022\/12\/555.jpg\" sizes=\"(max-width: 730px) 100vw, 730px\" srcset=\"https:\/\/planetazur.com\/wp-content\/uploads\/2022\/12\/555.jpg 730w, https:\/\/planetazur.com\/wp-content\/uploads\/2022\/12\/555-300x206.jpg 300w, https:\/\/planetazur.com\/wp-content\/uploads\/2022\/12\/555-18x12.jpg 18w\" alt=\"\" width=\"730\" height=\"502\" \/><\/p>\n<p>\u00c0 quelques pas de la Lonja de la Seda se trouve le Mercado Central (March\u00e9 central), un vaste march\u00e9 construit en 1928.<\/p>\n<p>Le b\u00e2timent Art Nouveau est richement d\u00e9cor\u00e9 d&#039;azulejos, des c\u00e9ramiques d\u00e9coratives typiques de la r\u00e9gion. Le march\u00e9 couvert compte des centaines d&#039;\u00e9tals o\u00f9 les vendeurs proposent des fruits frais, des l\u00e9gumes et des produits d&#039;\u00e9picerie de la r\u00e9gion de Valence et d&#039;autres r\u00e9gions d&#039;Espagne.<\/p>\n<p>La magnifique \u00e9glise historique Iglesia de los Santos Juanes se trouve sur la Plaza del Mercado, \u00e0 c\u00f4t\u00e9 du March\u00e9 Central. Ce monument historique et artistique national a \u00e9t\u00e9 construit entre le XIVe et le XVIe si\u00e8cle sur le site d&#039;une \u00e9glise ermite rempla\u00e7ant une ancienne mosqu\u00e9e.<\/p>\n<h3>6.<br \/>\n<strong>\u00c9glise de San Nicol\u00e1s de Bari et San Pedro M\u00e1rtir de Val\u00e8ncia<\/strong><\/h3>\n<p><img loading=\"lazy\" decoding=\"async\" src=\"https:\/\/planetazur.com\/wp-content\/uploads\/2022\/12\/666.jpg\" sizes=\"(max-width: 730px) 100vw, 730px\" srcset=\"https:\/\/planetazur.com\/wp-content\/uploads\/2022\/12\/666.jpg 730w, https:\/\/planetazur.com\/wp-content\/uploads\/2022\/12\/666-300x201.jpg 300w, https:\/\/planetazur.com\/wp-content\/uploads\/2022\/12\/666-18x12.jpg 18w\" alt=\"\" width=\"730\" height=\"488\" \/><\/p>\n<p>Cette \u00e9glise est d\u00e9di\u00e9e \u00e0 saint Bari et \u00e0 saint Nicolas le Martyr et fut fond\u00e9e au XIIIe si\u00e8cle sur l&#039;emplacement du sanctuaire romain. L&#039;\u00e9glise romane fut r\u00e9nov\u00e9e dans le style gothique au XVe si\u00e8cle et son int\u00e9rieur fut achev\u00e9 dans le style baroque dans les ann\u00e9es 1690.<\/p>\n<p>Bien que l&#039;ext\u00e9rieur soit tr\u00e8s aust\u00e8re et sombre, l&#039;\u00e9glise poss\u00e8de un int\u00e9rieur d\u00e9cor\u00e9, l&#039;un des plus d\u00e9cor\u00e9s de toutes les \u00e9glises de Valence. Le sanctuaire poss\u00e8de de superbes fresques murales et au plafond con\u00e7ues par Antonio Palomino, tandis que la peinture elle-m\u00eame a \u00e9t\u00e9 r\u00e9alis\u00e9e par Dionis Vidal. Les fresques repr\u00e9sentent des sc\u00e8nes de la vie de Saint Nicolas et de Saint Pierre les Martyrs.<\/p>\n<p style=\"margin-bottom: 0cm;\"><span style=\"font-family: Georgia, serif;\"><span style=\"font-size: large;\"><b>7.<br \/>\nAdmirez la cath\u00e9drale de Val\u00e8ncia<br \/>\n<\/b><\/span><\/span><\/p>\n<p><img loading=\"lazy\" decoding=\"async\" src=\"https:\/\/planetazur.com\/wp-content\/uploads\/2022\/12\/777.jpg\" sizes=\"(max-width: 730px) 100vw, 730px\" srcset=\"https:\/\/planetazur.com\/wp-content\/uploads\/2022\/12\/777.jpg 730w, https:\/\/planetazur.com\/wp-content\/uploads\/2022\/12\/777-300x200.jpg 300w, https:\/\/planetazur.com\/wp-content\/uploads\/2022\/12\/777-18x12.jpg 18w\" alt=\"\" width=\"730\" height=\"487\" \/><\/p>\n<p style=\"margin-bottom: 0cm;\"><span style=\"font-family: Georgia, serif;\"><span style=\"font-size: large;\">L\u00e0<br \/>\nLa Cath\u00e9drale de Valence (Catedral del Santo C\u00e1liz) se distingue par son<br \/>\nson m\u00e9lange de styles architecturaux, ce qui en fait l&#039;un des<br \/>\n<\/span><\/span><span style=\"font-family: Georgia, serif;\"><span style=\"font-size: large;\">cath\u00e9drales les plus insolites d&#039;Espagne. \u00c0 l&#039;origine, le site<br \/>\nabritait un ancien temple romain, puis une mosqu\u00e9e maure.<br \/>\n<\/span><\/span><\/p>\n<p style=\"margin-bottom: 0cm;\"><span style=\"font-family: Georgia, serif;\"><span style=\"font-size: large;\">Dans<br \/>\nCe lieu historique, la cath\u00e9drale, a \u00e9t\u00e9 construit au 13\u00e8me si\u00e8cle<br \/>\nsi\u00e8cle Elle a \u00e9t\u00e9 r\u00e9nov\u00e9e aux XVe et XVIIe si\u00e8cles.<br \/>\n<\/span><\/span><\/p>\n<p style=\"margin-bottom: 0cm;\"><span style=\"font-family: Georgia, serif;\"><span style=\"font-size: large;\"><b>8.<br \/>\nPlace de la Vierge<br \/>\n<\/b><\/span><\/span><\/p>\n<p>L&#039;\u00e9l\u00e9gante fontaine de Neptune, situ\u00e9e au centre de la place Virgen, est l&#039;\u0153uvre du sculpteur valencien Sylvestre Edita. Bien \u00e9clair\u00e9e la nuit, c&#039;est un lieu de pr\u00e9dilection pour les valenciens.<\/p>\n<p>Plusieurs b\u00e2timents embl\u00e9matiques entourent la place. De l&#039;autre c\u00f4t\u00e9 de la place se trouve le Palacio de la Generalitat, et \u00e0 c\u00f4t\u00e9 de la cath\u00e9drale de Valence se trouve la Real Bas\u00edlica de Nuestra Se\u00f1ora de los Desamparados, la plus importante (et la premi\u00e8re) \u00e9glise baroque de Valence. L&#039;\u00e9glise est c\u00e9l\u00e8bre pour ses magnifiques fresques sur le plafond en forme de d\u00f4me, peintes par Antonio Palomino en 1701 et consid\u00e9r\u00e9es comme un chef-d&#039;\u0153uvre de l&#039;art baroque espagnol.<\/p>\n<p><img loading=\"lazy\" decoding=\"async\" src=\"https:\/\/planetazur.com\/wp-content\/uploads\/2022\/12\/888-1.jpg\" sizes=\"(max-width: 730px) 100vw, 730px\" srcset=\"https:\/\/planetazur.com\/wp-content\/uploads\/2022\/12\/888-1.jpg 730w, https:\/\/planetazur.com\/wp-content\/uploads\/2022\/12\/888-1-300x201.jpg 300w, https:\/\/planetazur.com\/wp-content\/uploads\/2022\/12\/888-1-18x12.jpg 18w\" alt=\"\" width=\"730\" height=\"488\" \/><\/p>\n<p style=\"margin-bottom: 0cm;\"><span style=\"font-family: Georgia, serif;\"><span style=\"font-size: large;\"><b>9.<br \/>\n\u00c9glise de Santo Tom\u00e1s et San Felipe Neri<\/b><\/span><\/span><\/p>\n<p><img loading=\"lazy\" decoding=\"async\" src=\"https:\/\/planetazur.com\/wp-content\/uploads\/2022\/12\/999.jpg\" sizes=\"(max-width: 730px) 100vw, 730px\" srcset=\"https:\/\/planetazur.com\/wp-content\/uploads\/2022\/12\/999.jpg 730w, https:\/\/planetazur.com\/wp-content\/uploads\/2022\/12\/999-300x191.jpg 300w, https:\/\/planetazur.com\/wp-content\/uploads\/2022\/12\/999-18x12.jpg 18w\" alt=\"\" width=\"730\" height=\"464\" \/><\/p>\n<p style=\"margin-bottom: 0cm;\">Cette belle \u00e9glise illustre le style m\u00e9diterran\u00e9en unique de Valence avec son d\u00f4me \u00e9blouissant en tuiles bleues. L&#039;\u00e9glise Saint-Thomas et Saint-Philippe a \u00e9t\u00e9 construite en 1725 et a \u00e9t\u00e9 d\u00e9clar\u00e9e site historique national en 1982.<\/p>\n<p style=\"margin-bottom: 0cm;\"><span style=\"font-family: Georgia, serif;\"><span style=\"font-size: large;\"><b>10.<br \/>\nLes animaux du Bioparc de Valence<\/b><\/span><\/span><\/p>\n<p><img loading=\"lazy\" decoding=\"async\" src=\"https:\/\/planetazur.com\/wp-content\/uploads\/2022\/12\/10-10-10-1.jpg\" sizes=\"(max-width: 730px) 100vw, 730px\" srcset=\"https:\/\/planetazur.com\/wp-content\/uploads\/2022\/12\/10-10-10-1.jpg 730w, https:\/\/planetazur.com\/wp-content\/uploads\/2022\/12\/10-10-10-1-300x201.jpg 300w, https:\/\/planetazur.com\/wp-content\/uploads\/2022\/12\/10-10-10-1-18x12.jpg 18w\" alt=\"\" width=\"730\" height=\"488\" \/><\/p>\n<p>Le zoo de Valence s&#039;\u00e9tend sur 25 hectares dans la partie nord d&#039;un parc cr\u00e9\u00e9 par la d\u00e9rivation du fleuve Turia. Le paysage a \u00e9t\u00e9 cr\u00e9\u00e9 pour garder les animaux aussi pr\u00e8s que possible de leur habitat, et le zoo est connu pour sa grande collection d&#039;animaux africains.<\/p>\n<p>Pour des faits amusants sur Valence, cliquez ci-dessous\u00a0:<\/p>\n<p><a role=\"button\" href=\"https:\/\/housinganywhere.com\/Valencia--Spain\/valencia-spain-facts\"><br \/>\nCliquez ici<br \/>\n<\/a><br \/>\n<a role=\"button\" href=\"https:\/\/planetazur.com\/fr\/tours\/petanque-a-marseille\/\" target=\"_blank\" rel=\"noopener\"><br \/>\nRecevez ici<br \/>\n<\/a><\/p>","protected":false},"excerpt":{"rendered":"<p>10 TOURS OF THE CITY OF VALENCIA IN SPAIN In a dreamy seaside setting, this modest Mediterranean port city lives up to the local adage \u201ca piece of heaven on earth.\u201d Beneath the warm southern sun, Valencia\u2019s palm-lined squares come alive and the colourful tile domes of its churches sparkle. As the former capital of [&hellip;]<\/p>\n","protected":false},"author":8,"featured_media":8488,"comment_status":"closed","ping_status":"open","sticky":false,"template":"","format":"standard","meta":{"_embed_bokun_bokun_id":0,"footnotes":""},"categories":[57,27,32,29,35,58,28],"tags":[],"class_list":["post-8508","post","type-post","status-publish","format-standard","has-post-thumbnail","hentry","category-activity","category-gastronomy","category-local-meeting","category-photographie","category-tourism","category-visit","category-wine-tourism"],"_links":{"self":[{"href":"https:\/\/planetazur.com\/fr\/wp-json\/wp\/v2\/posts\/8508","targetHints":{"allow":["GET"]}}],"collection":[{"href":"https:\/\/planetazur.com\/fr\/wp-json\/wp\/v2\/posts"}],"about":[{"href":"https:\/\/planetazur.com\/fr\/wp-json\/wp\/v2\/types\/post"}],"author":[{"embeddable":true,"href":"https:\/\/planetazur.com\/fr\/wp-json\/wp\/v2\/users\/8"}],"replies":[{"embeddable":true,"href":"https:\/\/planetazur.com\/fr\/wp-json\/wp\/v2\/comments?post=8508"}],"version-history":[{"count":56,"href":"https:\/\/planetazur.com\/fr\/wp-json\/wp\/v2\/posts\/8508\/revisions"}],"predecessor-version":[{"id":20518,"href":"https:\/\/planetazur.com\/fr\/wp-json\/wp\/v2\/posts\/8508\/revisions\/20518"}],"wp:featuredmedia":[{"embeddable":true,"href":"https:\/\/planetazur.com\/fr\/wp-json\/wp\/v2\/media\/8488"}],"wp:attachment":[{"href":"https:\/\/planetazur.com\/fr\/wp-json\/wp\/v2\/media?parent=8508"}],"wp:term":[{"taxonomy":"category","embeddable":true,"href":"https:\/\/planetazur.com\/fr\/wp-json\/wp\/v2\/categories?post=8508"},{"taxonomy":"post_tag","embeddable":true,"href":"https:\/\/planetazur.com\/fr\/wp-json\/wp\/v2\/tags?post=8508"}],"curies":[{"name":"wp","href":"https:\/\/api.w.org\/{rel}","templated":true}]}}